{"id":9532,"date":"2024-09-03T11:33:27","date_gmt":"2024-09-03T11:33:27","guid":{"rendered":"https:\/\/www.discoverfaial.com\/terra-incognita-angie-reed-rita-silva-4-e-7-ago\/"},"modified":"2025-01-06T15:23:42","modified_gmt":"2025-01-06T15:23:42","slug":"terra-incognita-angie-reed-rita-silva-4-e-7-ago","status":"publish","type":"post","link":"https:\/\/www.discoverfaial.com\/en\/terra-incognita-angie-reed-rita-silva-4-e-7-ago\/","title":{"rendered":"TERRA INC\u00d3GNITA (ANGIE REED + RITA SILVA) | 4 &#038; 7 SEPTEMBER"},"content":{"rendered":"<p><strong>Imagine walking along a trail with a music that captures the essence of the surrounding landscape.<\/strong><\/p>\n<p>This is the concept behind <em>Terra Inc\u00f3gnita<\/em>, a transdisciplinary artistic project coming to Faial from 4th to 7th September 2024. Originally from the island of S\u00e3o Miguel, the project challenges artists from various disciplines to reimagine the landscape through music and performance. In 2024, it will take place from September 4th to 14th on the islands of Santa Maria and Faial.<\/p>\n<p>At the heart of the programme is the idea of the trail and the contemplation of site-specific musical creations, multimedia installations, and performative acts. In the days leading up to the event, a series of talks will provide context to the exchange fostered by the artistic residencies.<\/p>\n<p>Participation is free and open to all, but spaces are limited and require registration. Don\u2019t miss the opportunity to experience this unique event that promises to redefine the relationship between nature and art on the island of Faial.<\/p>\n<p>Find out more about the <em>Terra Inc\u00f3gnita<\/em> project on the official website: <a href=\"http:\/\/terraincognitapdl.com\/\" target=\"_new\" rel=\"noopener\">http:\/\/terraincognitapdl.com\/<\/a><\/p>\n<p><strong>Registration<\/strong> | <a href=\"https:\/\/tr.ee\/nOJyhsRd1p\" target=\"_new\" rel=\"noopener\">https:\/\/tr.ee\/nOJyhsRd1p<\/a><\/p>\n<p><strong>Facebook<\/strong> | <a href=\"https:\/\/www.facebook.com\/terraincognitapdl\" target=\"_new\" rel=\"noopener\">https:\/\/www.facebook.com\/terraincognitapdl<\/a><br \/>\n<strong>Instagram<\/strong> | <a href=\"https:\/\/www.instagram.com\/terraincognitapdl?utm_source=ig_web_button_share_sheet&amp;igsh=ZDNlZDc0MzIxNw==\" target=\"_new\" rel=\"noopener\">https:\/\/www.instagram.com\/terraincognitapdl?utm_source=ig_web_button_share_sheet&amp;igsh=ZDNlZDc0MzIxNw==<\/a><\/p>\n<p><!-- notionvc: 86dff0bc-dc17-498d-91b6-1f42adf92d63 --><\/p>\n","protected":false},"excerpt":{"rendered":"<p>Imagine walking along a trail with a music that captures the essence of the surrounding landscape. This is the concept behind Terra Inc\u00f3gnita, a transdisciplinary artistic project coming to Faial from 4th to 7th September 2024. Originally from the island of S\u00e3o Miguel, the project challenges artists from various disciplines to reimagine the landscape through [&hellip;]<\/p>\n","protected":false},"author":5,"featured_media":9528,"comment_status":"closed","ping_status":"open","sticky":false,"template":"","format":"standard","meta":{"footnotes":""},"categories":[130,137,175,239],"tags":[181,182,183,184,264,265,266,134,138,139,179],"class_list":["post-9532","post","type-post","status-publish","format-standard","has-post-thumbnail","hentry","category-faial-island","category-nature-sports","category-summer","category-eventos-en","tag-turismo-de-natureza-en","tag-destino-de-natureza-en","tag-visit-azores-en","tag-turismo-de-ilha-en","tag-arte-en","tag-musica-en","tag-trilhos-en","tag-festival-de-musica-nos-acores-en","tag-desporto-de-natureza-en","tag-trail-running-en","tag-turismo-sustentavel-en"],"yoast_head":"<!-- This site is optimized with the Yoast SEO plugin v24.6 - https:\/\/yoast.com\/wordpress\/plugins\/seo\/ -->\n<title>TERRA INC\u00d3GNITA (ANGIE REED + RITA SILVA) | 4 &amp; 7 SEPTEMBER - Discover Faial - Island of Nature &amp; Culture<\/title>\n<meta name=\"robots\" content=\"noindex, follow\" \/>\n<meta property=\"og:locale\" content=\"en_US\" \/>\n<meta property=\"og:type\" content=\"article\" \/>\n<meta property=\"og:title\" content=\"TERRA INC\u00d3GNITA (ANGIE REED + RITA SILVA) | 4 &amp; 7 SEPTEMBER - Discover Faial - Island of Nature &amp; Culture\" \/>\n<meta property=\"og:description\" content=\"Imagine walking along a trail with a music that captures the essence of the surrounding landscape. This is the concept behind Terra Inc\u00f3gnita, a transdisciplinary artistic project coming to Faial from 4th to 7th September 2024. Originally from the island of S\u00e3o Miguel, the project challenges artists from various disciplines to reimagine the landscape through [&hellip;]\" \/>\n<meta property=\"og:url\" content=\"https:\/\/www.discoverfaial.com\/en\/terra-incognita-angie-reed-rita-silva-4-e-7-ago\/\" \/>\n<meta property=\"og:site_name\" content=\"Discover Faial - Island of Nature &amp; Culture\" \/>\n<meta property=\"article:publisher\" content=\"https:\/\/www.facebook.com\/discoverfaial\/\" \/>\n<meta property=\"article:published_time\" content=\"2024-09-03T11:33:27+00:00\" \/>\n<meta property=\"article:modified_time\" content=\"2025-01-06T15:23:42+00:00\" \/>\n<meta property=\"og:image\" content=\"https:\/\/www.discoverfaial.com\/wp-content\/uploads\/2024\/09\/terrainc.jpg\" \/>\n\t<meta property=\"og:image:width\" content=\"960\" \/>\n\t<meta property=\"og:image:height\" content=\"365\" \/>\n\t<meta property=\"og:image:type\" content=\"image\/jpeg\" \/>\n<meta name=\"author\" content=\"Beatriz Mano\" \/>\n<meta name=\"twitter:card\" content=\"summary_large_image\" \/>\n<meta name=\"twitter:label1\" content=\"Written by\" \/>\n\t<meta name=\"twitter:data1\" content=\"Beatriz Mano\" \/>\n\t<meta name=\"twitter:label2\" content=\"Est. reading time\" \/>\n\t<meta name=\"twitter:data2\" content=\"2 minutes\" \/>\n<script type=\"application\/ld+json\" class=\"yoast-schema-graph\">{\"@context\":\"https:\/\/schema.org\",\"@graph\":[{\"@type\":\"Article\",\"@id\":\"https:\/\/www.discoverfaial.com\/en\/terra-incognita-angie-reed-rita-silva-4-e-7-ago\/#article\",\"isPartOf\":{\"@id\":\"https:\/\/www.discoverfaial.com\/en\/terra-incognita-angie-reed-rita-silva-4-e-7-ago\/\"},\"author\":{\"name\":\"Beatriz Mano\",\"@id\":\"https:\/\/www.discoverfaial.com\/en\/#\/schema\/person\/503dfeecb2fe0a038236dd40020fd0b1\"},\"headline\":\"TERRA INC\u00d3GNITA (ANGIE REED + RITA SILVA) | 4 &#038; 7 SEPTEMBER\",\"datePublished\":\"2024-09-03T11:33:27+00:00\",\"dateModified\":\"2025-01-06T15:23:42+00:00\",\"mainEntityOfPage\":{\"@id\":\"https:\/\/www.discoverfaial.com\/en\/terra-incognita-angie-reed-rita-silva-4-e-7-ago\/\"},\"wordCount\":216,\"publisher\":{\"@id\":\"https:\/\/www.discoverfaial.com\/en\/#organization\"},\"image\":{\"@id\":\"https:\/\/www.discoverfaial.com\/en\/terra-incognita-angie-reed-rita-silva-4-e-7-ago\/#primaryimage\"},\"thumbnailUrl\":\"https:\/\/www.discoverfaial.com\/wp-content\/uploads\/2024\/09\/terrainc.jpg\",\"keywords\":[\"Turismo de Natureza\",\"Destino de Natureza\",\"Visit Azores\",\"Turismo de Ilha\",\"Arte\",\"M\u00fasica\",\"Trilhos\",\"Festival de M\u00fasica nos A\u00e7ores\",\"Desporto de Natureza\",\"Trail Running\",\"Turismo Sustent\u00e1vel\"],\"articleSection\":[\"Faial Island\",\"Nature Sports\",\"Summer\",\"Eventos\"],\"inLanguage\":\"en-US\"},{\"@type\":\"WebPage\",\"@id\":\"https:\/\/www.discoverfaial.com\/en\/terra-incognita-angie-reed-rita-silva-4-e-7-ago\/\",\"url\":\"https:\/\/www.discoverfaial.com\/en\/terra-incognita-angie-reed-rita-silva-4-e-7-ago\/\",\"name\":\"TERRA INC\u00d3GNITA (ANGIE REED + RITA SILVA) | 4 & 7 SEPTEMBER - Discover Faial - Island of Nature &amp; Culture\",\"isPartOf\":{\"@id\":\"https:\/\/www.discoverfaial.com\/en\/#website\"},\"primaryImageOfPage\":{\"@id\":\"https:\/\/www.discoverfaial.com\/en\/terra-incognita-angie-reed-rita-silva-4-e-7-ago\/#primaryimage\"},\"image\":{\"@id\":\"https:\/\/www.discoverfaial.com\/en\/terra-incognita-angie-reed-rita-silva-4-e-7-ago\/#primaryimage\"},\"thumbnailUrl\":\"https:\/\/www.discoverfaial.com\/wp-content\/uploads\/2024\/09\/terrainc.jpg\",\"datePublished\":\"2024-09-03T11:33:27+00:00\",\"dateModified\":\"2025-01-06T15:23:42+00:00\",\"breadcrumb\":{\"@id\":\"https:\/\/www.discoverfaial.com\/en\/terra-incognita-angie-reed-rita-silva-4-e-7-ago\/#breadcrumb\"},\"inLanguage\":\"en-US\",\"potentialAction\":[{\"@type\":\"ReadAction\",\"target\":[\"https:\/\/www.discoverfaial.com\/en\/terra-incognita-angie-reed-rita-silva-4-e-7-ago\/\"]}]},{\"@type\":\"ImageObject\",\"inLanguage\":\"en-US\",\"@id\":\"https:\/\/www.discoverfaial.com\/en\/terra-incognita-angie-reed-rita-silva-4-e-7-ago\/#primaryimage\",\"url\":\"https:\/\/www.discoverfaial.com\/wp-content\/uploads\/2024\/09\/terrainc.jpg\",\"contentUrl\":\"https:\/\/www.discoverfaial.com\/wp-content\/uploads\/2024\/09\/terrainc.jpg\",\"width\":960,\"height\":365},{\"@type\":\"BreadcrumbList\",\"@id\":\"https:\/\/www.discoverfaial.com\/en\/terra-incognita-angie-reed-rita-silva-4-e-7-ago\/#breadcrumb\",\"itemListElement\":[{\"@type\":\"ListItem\",\"position\":1,\"name\":\"In\u00edcio\",\"item\":\"https:\/\/www.discoverfaial.com\/en\/\"},{\"@type\":\"ListItem\",\"position\":2,\"name\":\"TERRA INC\u00d3GNITA (ANGIE REED + RITA SILVA) | 4 &#038; 7 SEPTEMBER\"}]},{\"@type\":\"WebSite\",\"@id\":\"https:\/\/www.discoverfaial.com\/en\/#website\",\"url\":\"https:\/\/www.discoverfaial.com\/en\/\",\"name\":\"Discover Faial - Island of Nature &amp; Culture\",\"description\":\"\",\"publisher\":{\"@id\":\"https:\/\/www.discoverfaial.com\/en\/#organization\"},\"potentialAction\":[{\"@type\":\"SearchAction\",\"target\":{\"@type\":\"EntryPoint\",\"urlTemplate\":\"https:\/\/www.discoverfaial.com\/en\/?s={search_term_string}\"},\"query-input\":{\"@type\":\"PropertyValueSpecification\",\"valueRequired\":true,\"valueName\":\"search_term_string\"}}],\"inLanguage\":\"en-US\"},{\"@type\":\"Organization\",\"@id\":\"https:\/\/www.discoverfaial.com\/en\/#organization\",\"name\":\"Discover Faial - Nature & Culture Island\",\"url\":\"https:\/\/www.discoverfaial.com\/en\/\",\"logo\":{\"@type\":\"ImageObject\",\"inLanguage\":\"en-US\",\"@id\":\"https:\/\/www.discoverfaial.com\/en\/#\/schema\/logo\/image\/\",\"url\":\"https:\/\/www.discoverfaial.com\/wp-content\/uploads\/2021\/08\/DiscoverFaial_v_1_RGB-01-011.png\",\"contentUrl\":\"https:\/\/www.discoverfaial.com\/wp-content\/uploads\/2021\/08\/DiscoverFaial_v_1_RGB-01-011.png\",\"width\":1000,\"height\":476,\"caption\":\"Discover Faial - Nature & Culture Island\"},\"image\":{\"@id\":\"https:\/\/www.discoverfaial.com\/en\/#\/schema\/logo\/image\/\"},\"sameAs\":[\"https:\/\/www.facebook.com\/discoverfaial\/\",\"https:\/\/www.instagram.com\/discover_faial\/\"]},{\"@type\":\"Person\",\"@id\":\"https:\/\/www.discoverfaial.com\/en\/#\/schema\/person\/503dfeecb2fe0a038236dd40020fd0b1\",\"name\":\"Beatriz Mano\",\"image\":{\"@type\":\"ImageObject\",\"inLanguage\":\"en-US\",\"@id\":\"https:\/\/www.discoverfaial.com\/en\/#\/schema\/person\/image\/\",\"url\":\"https:\/\/secure.gravatar.com\/avatar\/c538704b2c48cb5d55c1d49fca9fddfbf5b0a80b30c30c7d92e53c7c601607d8?s=96&d=mm&r=g\",\"contentUrl\":\"https:\/\/secure.gravatar.com\/avatar\/c538704b2c48cb5d55c1d49fca9fddfbf5b0a80b30c30c7d92e53c7c601607d8?s=96&d=mm&r=g\",\"caption\":\"Beatriz Mano\"},\"url\":\"https:\/\/www.discoverfaial.com\/en\/author\/daniela-silveira\/\"}]}<\/script>\n<!-- \/ Yoast SEO plugin. -->","yoast_head_json":{"title":"TERRA INC\u00d3GNITA (ANGIE REED + RITA SILVA) | 4 & 7 SEPTEMBER - Discover Faial - Island of Nature &amp; Culture","robots":{"index":"noindex","follow":"follow"},"og_locale":"en_US","og_type":"article","og_title":"TERRA INC\u00d3GNITA (ANGIE REED + RITA SILVA) | 4 & 7 SEPTEMBER - Discover Faial - Island of Nature &amp; Culture","og_description":"Imagine walking along a trail with a music that captures the essence of the surrounding landscape. This is the concept behind Terra Inc\u00f3gnita, a transdisciplinary artistic project coming to Faial from 4th to 7th September 2024. Originally from the island of S\u00e3o Miguel, the project challenges artists from various disciplines to reimagine the landscape through [&hellip;]","og_url":"https:\/\/www.discoverfaial.com\/en\/terra-incognita-angie-reed-rita-silva-4-e-7-ago\/","og_site_name":"Discover Faial - Island of Nature &amp; Culture","article_publisher":"https:\/\/www.facebook.com\/discoverfaial\/","article_published_time":"2024-09-03T11:33:27+00:00","article_modified_time":"2025-01-06T15:23:42+00:00","og_image":[{"width":960,"height":365,"url":"https:\/\/www.discoverfaial.com\/wp-content\/uploads\/2024\/09\/terrainc.jpg","type":"image\/jpeg"}],"author":"Beatriz Mano","twitter_card":"summary_large_image","twitter_misc":{"Written by":"Beatriz Mano","Est. reading time":"2 minutes"},"schema":{"@context":"https:\/\/schema.org","@graph":[{"@type":"Article","@id":"https:\/\/www.discoverfaial.com\/en\/terra-incognita-angie-reed-rita-silva-4-e-7-ago\/#article","isPartOf":{"@id":"https:\/\/www.discoverfaial.com\/en\/terra-incognita-angie-reed-rita-silva-4-e-7-ago\/"},"author":{"name":"Beatriz Mano","@id":"https:\/\/www.discoverfaial.com\/en\/#\/schema\/person\/503dfeecb2fe0a038236dd40020fd0b1"},"headline":"TERRA INC\u00d3GNITA (ANGIE REED + RITA SILVA) | 4 &#038; 7 SEPTEMBER","datePublished":"2024-09-03T11:33:27+00:00","dateModified":"2025-01-06T15:23:42+00:00","mainEntityOfPage":{"@id":"https:\/\/www.discoverfaial.com\/en\/terra-incognita-angie-reed-rita-silva-4-e-7-ago\/"},"wordCount":216,"publisher":{"@id":"https:\/\/www.discoverfaial.com\/en\/#organization"},"image":{"@id":"https:\/\/www.discoverfaial.com\/en\/terra-incognita-angie-reed-rita-silva-4-e-7-ago\/#primaryimage"},"thumbnailUrl":"https:\/\/www.discoverfaial.com\/wp-content\/uploads\/2024\/09\/terrainc.jpg","keywords":["Turismo de Natureza","Destino de Natureza","Visit Azores","Turismo de Ilha","Arte","M\u00fasica","Trilhos","Festival de M\u00fasica nos A\u00e7ores","Desporto de Natureza","Trail Running","Turismo Sustent\u00e1vel"],"articleSection":["Faial Island","Nature Sports","Summer","Eventos"],"inLanguage":"en-US"},{"@type":"WebPage","@id":"https:\/\/www.discoverfaial.com\/en\/terra-incognita-angie-reed-rita-silva-4-e-7-ago\/","url":"https:\/\/www.discoverfaial.com\/en\/terra-incognita-angie-reed-rita-silva-4-e-7-ago\/","name":"TERRA INC\u00d3GNITA (ANGIE REED + RITA SILVA) | 4 & 7 SEPTEMBER - Discover Faial - Island of Nature &amp; Culture","isPartOf":{"@id":"https:\/\/www.discoverfaial.com\/en\/#website"},"primaryImageOfPage":{"@id":"https:\/\/www.discoverfaial.com\/en\/terra-incognita-angie-reed-rita-silva-4-e-7-ago\/#primaryimage"},"image":{"@id":"https:\/\/www.discoverfaial.com\/en\/terra-incognita-angie-reed-rita-silva-4-e-7-ago\/#primaryimage"},"thumbnailUrl":"https:\/\/www.discoverfaial.com\/wp-content\/uploads\/2024\/09\/terrainc.jpg","datePublished":"2024-09-03T11:33:27+00:00","dateModified":"2025-01-06T15:23:42+00:00","breadcrumb":{"@id":"https:\/\/www.discoverfaial.com\/en\/terra-incognita-angie-reed-rita-silva-4-e-7-ago\/#breadcrumb"},"inLanguage":"en-US","potentialAction":[{"@type":"ReadAction","target":["https:\/\/www.discoverfaial.com\/en\/terra-incognita-angie-reed-rita-silva-4-e-7-ago\/"]}]},{"@type":"ImageObject","inLanguage":"en-US","@id":"https:\/\/www.discoverfaial.com\/en\/terra-incognita-angie-reed-rita-silva-4-e-7-ago\/#primaryimage","url":"https:\/\/www.discoverfaial.com\/wp-content\/uploads\/2024\/09\/terrainc.jpg","contentUrl":"https:\/\/www.discoverfaial.com\/wp-content\/uploads\/2024\/09\/terrainc.jpg","width":960,"height":365},{"@type":"BreadcrumbList","@id":"https:\/\/www.discoverfaial.com\/en\/terra-incognita-angie-reed-rita-silva-4-e-7-ago\/#breadcrumb","itemListElement":[{"@type":"ListItem","position":1,"name":"In\u00edcio","item":"https:\/\/www.discoverfaial.com\/en\/"},{"@type":"ListItem","position":2,"name":"TERRA INC\u00d3GNITA (ANGIE REED + RITA SILVA) | 4 &#038; 7 SEPTEMBER"}]},{"@type":"WebSite","@id":"https:\/\/www.discoverfaial.com\/en\/#website","url":"https:\/\/www.discoverfaial.com\/en\/","name":"Discover Faial - Island of Nature &amp; Culture","description":"","publisher":{"@id":"https:\/\/www.discoverfaial.com\/en\/#organization"},"potentialAction":[{"@type":"SearchAction","target":{"@type":"EntryPoint","urlTemplate":"https:\/\/www.discoverfaial.com\/en\/?s={search_term_string}"},"query-input":{"@type":"PropertyValueSpecification","valueRequired":true,"valueName":"search_term_string"}}],"inLanguage":"en-US"},{"@type":"Organization","@id":"https:\/\/www.discoverfaial.com\/en\/#organization","name":"Discover Faial - Nature & Culture Island","url":"https:\/\/www.discoverfaial.com\/en\/","logo":{"@type":"ImageObject","inLanguage":"en-US","@id":"https:\/\/www.discoverfaial.com\/en\/#\/schema\/logo\/image\/","url":"https:\/\/www.discoverfaial.com\/wp-content\/uploads\/2021\/08\/DiscoverFaial_v_1_RGB-01-011.png","contentUrl":"https:\/\/www.discoverfaial.com\/wp-content\/uploads\/2021\/08\/DiscoverFaial_v_1_RGB-01-011.png","width":1000,"height":476,"caption":"Discover Faial - Nature & Culture Island"},"image":{"@id":"https:\/\/www.discoverfaial.com\/en\/#\/schema\/logo\/image\/"},"sameAs":["https:\/\/www.facebook.com\/discoverfaial\/","https:\/\/www.instagram.com\/discover_faial\/"]},{"@type":"Person","@id":"https:\/\/www.discoverfaial.com\/en\/#\/schema\/person\/503dfeecb2fe0a038236dd40020fd0b1","name":"Beatriz Mano","image":{"@type":"ImageObject","inLanguage":"en-US","@id":"https:\/\/www.discoverfaial.com\/en\/#\/schema\/person\/image\/","url":"https:\/\/secure.gravatar.com\/avatar\/c538704b2c48cb5d55c1d49fca9fddfbf5b0a80b30c30c7d92e53c7c601607d8?s=96&d=mm&r=g","contentUrl":"https:\/\/secure.gravatar.com\/avatar\/c538704b2c48cb5d55c1d49fca9fddfbf5b0a80b30c30c7d92e53c7c601607d8?s=96&d=mm&r=g","caption":"Beatriz Mano"},"url":"https:\/\/www.discoverfaial.com\/en\/author\/daniela-silveira\/"}]}},"_links":{"self":[{"href":"https:\/\/www.discoverfaial.com\/en\/wp-json\/wp\/v2\/posts\/9532","targetHints":{"allow":["GET"]}}],"collection":[{"href":"https:\/\/www.discoverfaial.com\/en\/wp-json\/wp\/v2\/posts"}],"about":[{"href":"https:\/\/www.discoverfaial.com\/en\/wp-json\/wp\/v2\/types\/post"}],"author":[{"embeddable":true,"href":"https:\/\/www.discoverfaial.com\/en\/wp-json\/wp\/v2\/users\/5"}],"replies":[{"embeddable":true,"href":"https:\/\/www.discoverfaial.com\/en\/wp-json\/wp\/v2\/comments?post=9532"}],"version-history":[{"count":5,"href":"https:\/\/www.discoverfaial.com\/en\/wp-json\/wp\/v2\/posts\/9532\/revisions"}],"predecessor-version":[{"id":9546,"href":"https:\/\/www.discoverfaial.com\/en\/wp-json\/wp\/v2\/posts\/9532\/revisions\/9546"}],"wp:featuredmedia":[{"embeddable":true,"href":"https:\/\/www.discoverfaial.com\/en\/wp-json\/wp\/v2\/media\/9528"}],"wp:attachment":[{"href":"https:\/\/www.discoverfaial.com\/en\/wp-json\/wp\/v2\/media?parent=9532"}],"wp:term":[{"taxonomy":"category","embeddable":true,"href":"https:\/\/www.discoverfaial.com\/en\/wp-json\/wp\/v2\/categories?post=9532"},{"taxonomy":"post_tag","embeddable":true,"href":"https:\/\/www.discoverfaial.com\/en\/wp-json\/wp\/v2\/tags?post=9532"}],"curies":[{"name":"wp","href":"https:\/\/api.w.org\/{rel}","templated":true}]}}